{"id":1134,"date":"2026-04-21T09:32:53","date_gmt":"2026-04-21T07:32:53","guid":{"rendered":"https:\/\/mpgkdarlowo.pl\/?p=1134"},"modified":"2026-04-21T09:33:35","modified_gmt":"2026-04-21T07:33:35","slug":"1134","status":"publish","type":"post","link":"https:\/\/mpgkdarlowo.pl\/index.php\/2026\/04\/21\/1134\/","title":{"rendered":"Trwa wymiana pojemnik\u00f3w"},"content":{"rendered":"\n<p>Mieszka\u0144cy przypominamy, i\u017c trwa wymiana pojemnik\u00f3w na odpady zmieszane z kolorowych na czarne.<\/p>\n\n\n\n<p>Mo\u017cna r\u00f3wnie\u017c zg\u0142asza\u0107 zapotrzebowanie na u\u017cywane pojemniki 120 na: <strong>szk\u0142o<\/strong> (zielone) i <strong>makulatur\u0119 <\/strong>(niebieskie).<\/p>\n\n\n\n<p>Wszystkich zainteresowanych pojemnikami na szk\u0142o i&nbsp;makulatur\u0119 prosimy o&nbsp;kontakt z&nbsp;referatem Gospodarki Odpadami pod nr telefonu tel. 94&nbsp;355 12 31 lub bezpo\u015brednio z Zak\u0142adem Oczyszczania Miasta pod nr tel. 94&nbsp;314 26 11.<\/p>\n\n\n\n<p>W przypadku, gdy ilo\u015b\u0107 pojemnik\u00f3w na odpady zmieszane lub segregowane na Pa\u0144stwa nieruchomo\u015bci jest niewystarczaj\u0105ca, mo\u017cecie Pa\u0144stwo doposa\u017cy\u0107 nieruchomo\u015b\u0107 w dodatkowe pojemniki.<\/p>\n\n\n\n<p>Aby pojemniki by\u0142y opr\u00f3\u017cnianie nale\u017cy zg\u0142osi\u0107 je do oczipowania do Zak\u0142adu Oczyszczania Miasta pod nr tel. 94&nbsp;314 26 11, podaj\u0105c: pojemno\u015b\u0107 zakupionego pojemnika oraz nazw\u0119 frakcji (kolor pojemnika), kt\u00f3ra b\u0119dzie w nim zbierana.<\/p>\n\n\n\n<p><br>Kr\u00f3tkie przypomnienie o przeznaczeniu pojemnik\u00f3w:<\/p>\n\n\n\n<ul class=\"wp-block-list\">\n<li><strong>Niebieski (makulatura)<\/strong>: Przeznaczony na czyste opakowania z papieru i tektury, gazety, czasopisma, ulotki, zeszyty oraz torby papierowe.<br>Nie wrzucamy papieru zat\u0142uszczonego lub brudnego, karton\u00f3w po napojach\/mleku<\/li>\n\n\n\n<li><strong>Zielony (opakowania ze szk\u0142a)<\/strong>: S\u0142u\u017cy do zbierania butelek i s\u0142oik\u00f3w szklanych po napojach i \u017cywno\u015bci oraz szklanych opakowa\u0144 po kosmetykach.<br>Nie wrzucamy: ceramiki, porcelany, doniczek, szk\u0142a sto\u0142owego i okiennego, \u017caroodpornych naczy\u0144, luster<\/li>\n\n\n\n<li><strong>\u017b\u00f3\u0142ty (opakowania z tworzyw sztucznych i metali)<\/strong>: Tutaj wrzucamy zgniecione butelki plastikowe, puszki po napojach i konserwach, nakr\u0119tki, foli\u0119 oraz opakowania wielomateria\u0142owe (np. kartony po mleku\/napojach).<br>Nie nale\u017cy tam wrzuca\u0107 mi\u0119dzy innymi: opakowa\u0144 po olejach silnikowych, cz\u0119\u015bci samochodowych, baterii i\u00a0akumulator\u00f3w, puszek po farbach i\u00a0lakierach.<\/li>\n\n\n\n<li><strong>Br\u0105zowy (BIO)<\/strong>: Przeznaczony na odpadki warzywne i owocowe, resztki jedzenia pochodzenia ro\u015blinnego, fusy po kawie i herbacie oraz skorupki jaj, zwi\u0119d\u0142e kwiaty i ro\u015bliny doniczkowe (bez ziemi), traw\u0119, li\u015bcie.<br>Nie wrzucamy tam mi\u0119sa, ko\u015bci i\u00a0o\u015bci, oleju jadalnego, odchod\u00f3w zwierz\u0105t ani popio\u0142u z\u00a0kominka lub pieca.<\/li>\n\n\n\n<li><strong>Czarny (Odpady zmieszane\/resztkowe)<\/strong>: Do tego pojemnika trafia wszystko, czego nie mo\u017cna odzyska\u0107 w procesie recyklingu, np. zu\u017cyte \u015brodki higieny osobistej, zu\u017cyte r\u0119czniki papierowe i\u00a0chusteczki, zat\u0142uszczony papier, resztki mi\u0119sne czy zabrudzony papier.\u00a0<\/li>\n<\/ul>\n\n\n\n<p>Informacje:<\/p>\n\n\n\n<p><a href=\"https:\/\/odpady.darlowo.pl\/trwa_wymiana_pojemnikow.html\">https:\/\/odpady.darlowo.pl\/trwa_wymiana_pojemnikow.html<\/a><\/p>\n\n\n\n<p><a href=\"https:\/\/odpady.darlowo.pl\/segregacja.html\">https:\/\/odpady.darlowo.pl\/segregacja.html<\/a><\/p>\n","protected":false},"excerpt":{"rendered":"<p>Mieszka\u0144cy przypominamy, i\u017c trwa wymiana pojemnik\u00f3w na odpady zmieszane z kolorowych na czarne. Mo\u017cna r\u00f3wnie\u017c zg\u0142asza\u0107 zapotrzebowanie na u\u017cywane pojemniki 120 na: szk\u0142o (zielone) i makulatur\u0119 (niebieskie). Wszystkich zainteresowanych pojemnikami na szk\u0142o i&nbsp;makulatur\u0119 prosimy&#46;&#46;&#46;<\/p>\n","protected":false},"author":1,"featured_media":1135,"comment_status":"closed","ping_status":"open","sticky":false,"template":"","format":"standard","meta":{"footnotes":"","_links_to":"","_links_to_target":""},"categories":[3],"tags":[],"class_list":["post-1134","post","type-post","status-publish","format-standard","has-post-thumbnail","hentry","category-informacje"],"_links":{"self":[{"href":"https:\/\/mpgkdarlowo.pl\/index.php\/wp-json\/wp\/v2\/posts\/1134","targetHints":{"allow":["GET"]}}],"collection":[{"href":"https:\/\/mpgkdarlowo.pl\/index.php\/wp-json\/wp\/v2\/posts"}],"about":[{"href":"https:\/\/mpgkdarlowo.pl\/index.php\/wp-json\/wp\/v2\/types\/post"}],"author":[{"embeddable":true,"href":"https:\/\/mpgkdarlowo.pl\/index.php\/wp-json\/wp\/v2\/users\/1"}],"replies":[{"embeddable":true,"href":"https:\/\/mpgkdarlowo.pl\/index.php\/wp-json\/wp\/v2\/comments?post=1134"}],"version-history":[{"count":2,"href":"https:\/\/mpgkdarlowo.pl\/index.php\/wp-json\/wp\/v2\/posts\/1134\/revisions"}],"predecessor-version":[{"id":1137,"href":"https:\/\/mpgkdarlowo.pl\/index.php\/wp-json\/wp\/v2\/posts\/1134\/revisions\/1137"}],"wp:featuredmedia":[{"embeddable":true,"href":"https:\/\/mpgkdarlowo.pl\/index.php\/wp-json\/wp\/v2\/media\/1135"}],"wp:attachment":[{"href":"https:\/\/mpgkdarlowo.pl\/index.php\/wp-json\/wp\/v2\/media?parent=1134"}],"wp:term":[{"taxonomy":"category","embeddable":true,"href":"https:\/\/mpgkdarlowo.pl\/index.php\/wp-json\/wp\/v2\/categories?post=1134"},{"taxonomy":"post_tag","embeddable":true,"href":"https:\/\/mpgkdarlowo.pl\/index.php\/wp-json\/wp\/v2\/tags?post=1134"}],"curies":[{"name":"wp","href":"https:\/\/api.w.org\/{rel}","templated":true}]}}